{"id":590,"date":"2015-12-03T14:47:21","date_gmt":"2015-12-03T13:47:21","guid":{"rendered":"https:\/\/ceramicsandco.org\/?p=590"},"modified":"2015-12-03T14:47:21","modified_gmt":"2015-12-03T13:47:21","slug":"pera-aglio-2","status":"publish","type":"post","link":"https:\/\/ceramicsandco.org\/?p=590","title":{"rendered":"PERA &#038; AGLIO"},"content":{"rendered":"<p>\t\t\t\tPERA<\/p>\n<p>La nouvelle s\u00e9rie de luminaires en porcelaine issue de la collaboration du designer Oliver Kamm et de la c\u00e9ramiste Kahina Fekhar.<\/p>\n<p>Cette gamme de suspensions se d\u00e9marque par son \u00e9clairage directionnel et d\u00e9coratif ainsi que par les lignes caract\u00e9ristiques d&rsquo;un travail de moulage enti\u00e8rement artisanal.<\/p>\n<p>Chaque exemplaire comporte des d\u00e9tails qui le rendent unique.<\/p>\n<p><a href=\"https:\/\/ceramicsandco.org\/wp-content\/uploads\/2015\/12\/DEF_19458-1.jpg\"><img loading=\"lazy\" decoding=\"async\" class=\"alignleft size-medium wp-image-550\" src=\"https:\/\/ceramicsandco.org\/wp-content\/uploads\/2015\/12\/DEF_19458-1-300x225.jpg\" alt=\"DEF_19458\" width=\"300\" height=\"225\" srcset=\"https:\/\/ceramicsandco.org\/wp-content\/uploads\/2015\/12\/DEF_19458-1-300x225.jpg 300w, https:\/\/ceramicsandco.org\/wp-content\/uploads\/2015\/12\/DEF_19458-1-1024x768.jpg 1024w, https:\/\/ceramicsandco.org\/wp-content\/uploads\/2015\/12\/DEF_19458-1-768x576.jpg 768w, https:\/\/ceramicsandco.org\/wp-content\/uploads\/2015\/12\/DEF_19458-1-1536x1152.jpg 1536w, https:\/\/ceramicsandco.org\/wp-content\/uploads\/2015\/12\/DEF_19458-1-2048x1535.jpg 2048w\" sizes=\"auto, (max-width: 300px) 100vw, 300px\" \/><\/a><\/p>\n<p>&nbsp;<\/p>\n<p>&nbsp;<\/p>\n<p>&nbsp;<\/p>\n<p>&nbsp;<\/p>\n<p>&nbsp;<\/p>\n<p>&nbsp;<\/p>\n<p>&nbsp;<\/p>\n<p>H 25cm x 16 cm<br \/>\nPhotographies : S\u00e9bastien Agnetti\t\t<\/p>\n","protected":false},"excerpt":{"rendered":"<p>PERA La nouvelle s\u00e9rie de luminaires en porcelaine issue de la collaboration du designer Oliver Kamm et de la c\u00e9ramiste Kahina Fekhar. Cette gamme de suspensions se d\u00e9marque par son \u00e9clairage directionnel et d\u00e9coratif ainsi que par les lignes caract\u00e9ristiques d&rsquo;un travail de moulage enti\u00e8rement artisanal. Chaque exemplaire comporte des d\u00e9tails qui le rendent unique. [&hellip;]<\/p>\n","protected":false},"author":1,"featured_media":550,"comment_status":"closed","ping_status":"open","sticky":false,"template":"","format":"standard","meta":{"footnotes":""},"categories":[3,10,11],"tags":[],"class_list":["post-590","post","type-post","status-publish","format-standard","has-post-thumbnail","hentry","category-design","category-luminaires","category-pera-aglio"],"_links":{"self":[{"href":"https:\/\/ceramicsandco.org\/index.php?rest_route=\/wp\/v2\/posts\/590","targetHints":{"allow":["GET"]}}],"collection":[{"href":"https:\/\/ceramicsandco.org\/index.php?rest_route=\/wp\/v2\/posts"}],"about":[{"href":"https:\/\/ceramicsandco.org\/index.php?rest_route=\/wp\/v2\/types\/post"}],"author":[{"embeddable":true,"href":"https:\/\/ceramicsandco.org\/index.php?rest_route=\/wp\/v2\/users\/1"}],"replies":[{"embeddable":true,"href":"https:\/\/ceramicsandco.org\/index.php?rest_route=%2Fwp%2Fv2%2Fcomments&post=590"}],"version-history":[{"count":0,"href":"https:\/\/ceramicsandco.org\/index.php?rest_route=\/wp\/v2\/posts\/590\/revisions"}],"wp:featuredmedia":[{"embeddable":true,"href":"https:\/\/ceramicsandco.org\/index.php?rest_route=\/wp\/v2\/media\/550"}],"wp:attachment":[{"href":"https:\/\/ceramicsandco.org\/index.php?rest_route=%2Fwp%2Fv2%2Fmedia&parent=590"}],"wp:term":[{"taxonomy":"category","embeddable":true,"href":"https:\/\/ceramicsandco.org\/index.php?rest_route=%2Fwp%2Fv2%2Fcategories&post=590"},{"taxonomy":"post_tag","embeddable":true,"href":"https:\/\/ceramicsandco.org\/index.php?rest_route=%2Fwp%2Fv2%2Ftags&post=590"}],"curies":[{"name":"wp","href":"https:\/\/api.w.org\/{rel}","templated":true}]}}